{"id":11388,"date":"2019-08-12T13:08:01","date_gmt":"2019-08-12T19:08:01","guid":{"rendered":"https:\/\/la-uno.com\/blog\/?p=11388"},"modified":"2019-08-12T13:08:01","modified_gmt":"2019-08-12T19:08:01","slug":"por-fin-tenemos-xfce-basado-en-gtk3","status":"publish","type":"post","link":"https:\/\/la-uno.com\/blog\/2019\/08\/12\/por-fin-tenemos-xfce-basado-en-gtk3\/","title":{"rendered":"Por fin tenemos XFCE basado en GTK3"},"content":{"rendered":"<p><a href=\"https:\/\/www.muylinux.com\/2019\/08\/12\/xfce-4-14\/\"><img decoding=\"async\" class=\"size-full aligncenter\" src=\"https:\/\/www.muylinux.com\/wp-content\/uploads\/2019\/08\/XFce414.jpg\" alt=\"\" \/><\/a><\/p>\n<p>Que adem\u00e1s de las mejoras relacionadas con GTK3 incluyen soporte para otras cosas como soporte para HIDPI y VSync, un nuevo protector de pantallas y una nueva bandeja de sistema. No es un cambio radical, pero si de peque\u00f1os detalles aunque destaca por su migraci\u00f3n a GTK3.<\/p>\n<blockquote><p>Tras m\u00e1s de cuatro a\u00f1os en desarrollo llega Xfce 4.14, la nueva versi\u00f3n de este popular entorno de escritorio ligero.<\/p><\/blockquote>\n<p>Source: <em><a href=\"https:\/\/www.muylinux.com\/2019\/08\/12\/xfce-4-14\/\">Ya est\u00e1 aqu\u00ed Xfce 4.14, primera versi\u00f3n del escritorio tras su migraci\u00f3n a GTK3 \u00bb MuyLinux<\/a><\/em><\/p>\n<div class=\"pvc_clear\"><\/div>\n<p id=\"pvc_stats_11388\" class=\"pvc_stats all  \" data-element-id=\"11388\" style=\"\"><i class=\"pvc-stats-icon medium\" aria-hidden=\"true\"><svg aria-hidden=\"true\" focusable=\"false\" data-prefix=\"far\" data-icon=\"chart-bar\" role=\"img\" xmlns=\"http:\/\/www.w3.org\/2000\/svg\" viewBox=\"0 0 512 512\" class=\"svg-inline--fa fa-chart-bar fa-w-16 fa-2x\"><path fill=\"currentColor\" d=\"M396.8 352h22.4c6.4 0 12.8-6.4 12.8-12.8V108.8c0-6.4-6.4-12.8-12.8-12.8h-22.4c-6.4 0-12.8 6.4-12.8 12.8v230.4c0 6.4 6.4 12.8 12.8 12.8zm-192 0h22.4c6.4 0 12.8-6.4 12.8-12.8V140.8c0-6.4-6.4-12.8-12.8-12.8h-22.4c-6.4 0-12.8 6.4-12.8 12.8v198.4c0 6.4 6.4 12.8 12.8 12.8zm96 0h22.4c6.4 0 12.8-6.4 12.8-12.8V204.8c0-6.4-6.4-12.8-12.8-12.8h-22.4c-6.4 0-12.8 6.4-12.8 12.8v134.4c0 6.4 6.4 12.8 12.8 12.8zM496 400H48V80c0-8.84-7.16-16-16-16H16C7.16 64 0 71.16 0 80v336c0 17.67 14.33 32 32 32h464c8.84 0 16-7.16 16-16v-16c0-8.84-7.16-16-16-16zm-387.2-48h22.4c6.4 0 12.8-6.4 12.8-12.8v-70.4c0-6.4-6.4-12.8-12.8-12.8h-22.4c-6.4 0-12.8 6.4-12.8 12.8v70.4c0 6.4 6.4 12.8 12.8 12.8z\" class=\"\"><\/path><\/svg><\/i> <img loading=\"lazy\" decoding=\"async\" width=\"16\" height=\"16\" alt=\"Loading\" src=\"https:\/\/la-uno.com\/blog\/wp-content\/plugins\/page-views-count\/ajax-loader-2x.gif\" border=0 \/><\/p>\n<div class=\"pvc_clear\"><\/div>\n","protected":false},"excerpt":{"rendered":"<p>Que adem\u00e1s de las mejoras relacionadas con GTK3 incluyen soporte para otras cosas como soporte para HIDPI y VSync, un nuevo protector de pantallas y una nueva bandeja de sistema. No es un cambio radical, pero si de peque\u00f1os detalles aunque destaca por su migraci\u00f3n a GTK3. Tras m\u00e1s de cuatro a\u00f1os en desarrollo llega&hellip;<\/p>\n<div class=\"pvc_clear\"><\/div>\n<p id=\"pvc_stats_11388\" class=\"pvc_stats all  \" data-element-id=\"11388\" style=\"\"><i class=\"pvc-stats-icon medium\" aria-hidden=\"true\"><svg aria-hidden=\"true\" focusable=\"false\" data-prefix=\"far\" data-icon=\"chart-bar\" role=\"img\" xmlns=\"http:\/\/www.w3.org\/2000\/svg\" viewBox=\"0 0 512 512\" class=\"svg-inline--fa fa-chart-bar fa-w-16 fa-2x\"><path fill=\"currentColor\" d=\"M396.8 352h22.4c6.4 0 12.8-6.4 12.8-12.8V108.8c0-6.4-6.4-12.8-12.8-12.8h-22.4c-6.4 0-12.8 6.4-12.8 12.8v230.4c0 6.4 6.4 12.8 12.8 12.8zm-192 0h22.4c6.4 0 12.8-6.4 12.8-12.8V140.8c0-6.4-6.4-12.8-12.8-12.8h-22.4c-6.4 0-12.8 6.4-12.8 12.8v198.4c0 6.4 6.4 12.8 12.8 12.8zm96 0h22.4c6.4 0 12.8-6.4 12.8-12.8V204.8c0-6.4-6.4-12.8-12.8-12.8h-22.4c-6.4 0-12.8 6.4-12.8 12.8v134.4c0 6.4 6.4 12.8 12.8 12.8zM496 400H48V80c0-8.84-7.16-16-16-16H16C7.16 64 0 71.16 0 80v336c0 17.67 14.33 32 32 32h464c8.84 0 16-7.16 16-16v-16c0-8.84-7.16-16-16-16zm-387.2-48h22.4c6.4 0 12.8-6.4 12.8-12.8v-70.4c0-6.4-6.4-12.8-12.8-12.8h-22.4c-6.4 0-12.8 6.4-12.8 12.8v70.4c0 6.4 6.4 12.8 12.8 12.8z\" class=\"\"><\/path><\/svg><\/i> <img loading=\"lazy\" decoding=\"async\" width=\"16\" height=\"16\" alt=\"Loading\" src=\"https:\/\/la-uno.com\/blog\/wp-content\/plugins\/page-views-count\/ajax-loader-2x.gif\" border=0 \/><\/p>\n<div class=\"pvc_clear\"><\/div>\n","protected":false},"author":1,"featured_media":0,"comment_status":"open","ping_status":"open","sticky":false,"template":"","format":"standard","meta":{"_bbp_topic_count":0,"_bbp_reply_count":0,"_bbp_total_topic_count":0,"_bbp_total_reply_count":0,"_bbp_voice_count":0,"_bbp_anonymous_reply_count":0,"_bbp_topic_count_hidden":0,"_bbp_reply_count_hidden":0,"_bbp_forum_subforum_count":0,"jetpack_post_was_ever_published":false,"_jetpack_newsletter_access":"","_jetpack_dont_email_post_to_subs":false,"_jetpack_newsletter_tier_id":0,"_jetpack_memberships_contains_paywalled_content":false,"_jetpack_memberships_contains_paid_content":false,"footnotes":"","jetpack_publicize_message":"","jetpack_publicize_feature_enabled":true,"jetpack_social_post_already_shared":true,"jetpack_social_options":{"image_generator_settings":{"template":"highway","default_image_id":0,"font":"","enabled":false},"version":2}},"categories":[66],"tags":[1053,1054,354,1055,1052],"class_list":["post-11388","post","type-post","status-publish","format-standard","hentry","category-linux","tag-desktop","tag-interface","tag-linux","tag-user","tag-xfce"],"jetpack_publicize_connections":[],"jetpack_featured_media_url":"","jetpack_sharing_enabled":true,"jetpack_shortlink":"https:\/\/wp.me\/p529Uq-2XG","jetpack-related-posts":[{"id":11484,"url":"https:\/\/la-uno.com\/blog\/2020\/02\/14\/windows-12-a-ver-de-que-me-perdi\/","url_meta":{"origin":11388,"position":0},"title":"Windows 12&#8230; \u00bfA ver de que me perd\u00ed?","author":"marco","date":"February 14, 2020","format":false,"excerpt":"Windows 10 es de acuerdo a Microsoft la ultima versi\u00f3n de windows que lanzar\u00e1n, sin embargo no quiere decir que ya no lo desarrollen, mas bien que se convierte en un OS con un modelo de distribuci\u00f3n \"Rolling Release\", es decir, que se tiene el sistema operativo base y solo\u2026","rel":"","context":"Similar post","block_context":{"text":"Similar post","link":""},"img":{"alt_text":"","src":"https:\/\/i0.wp.com\/la-uno.com\/blog\/wp-content\/uploads\/2020\/02\/Windows-12-Lite.jpg?resize=350%2C200&ssl=1","width":350,"height":200,"srcset":"https:\/\/i0.wp.com\/la-uno.com\/blog\/wp-content\/uploads\/2020\/02\/Windows-12-Lite.jpg?resize=350%2C200&ssl=1 1x, https:\/\/i0.wp.com\/la-uno.com\/blog\/wp-content\/uploads\/2020\/02\/Windows-12-Lite.jpg?resize=525%2C300&ssl=1 1.5x, https:\/\/i0.wp.com\/la-uno.com\/blog\/wp-content\/uploads\/2020\/02\/Windows-12-Lite.jpg?resize=700%2C400&ssl=1 2x, https:\/\/i0.wp.com\/la-uno.com\/blog\/wp-content\/uploads\/2020\/02\/Windows-12-Lite.jpg?resize=1050%2C600&ssl=1 3x"},"classes":[]},{"id":10631,"url":"https:\/\/la-uno.com\/blog\/2017\/10\/19\/ubuntu-17-10-disponible-para-descarga\/","url_meta":{"origin":11388,"position":1},"title":"Ubuntu 17.10 disponible para descarga!","author":"marco","date":"October 19, 2017","format":false,"excerpt":"Como cada 6 meses, una nueva versi\u00f3n de Ubuntu ha llegado, pero esta es algo especial, veamos por que. Con esta nueva versi\u00f3n de Ubuntu, Canonical le ha dicho adi\u00f3s al entra\u00f1able Unity, que ha quedado relegado en favor del escritorio de GNOME que es de nuevo el ambiente de\u2026","rel":"","context":"In &quot;Linux&quot;","block_context":{"text":"Linux","link":"https:\/\/la-uno.com\/blog\/category\/linux\/"},"img":{"alt_text":"","src":"https:\/\/i0.wp.com\/la-uno.com\/blog\/wp-content\/uploads\/2017\/10\/dock-750x340.jpg?resize=350%2C200&ssl=1","width":350,"height":200,"srcset":"https:\/\/i0.wp.com\/la-uno.com\/blog\/wp-content\/uploads\/2017\/10\/dock-750x340.jpg?resize=350%2C200&ssl=1 1x, https:\/\/i0.wp.com\/la-uno.com\/blog\/wp-content\/uploads\/2017\/10\/dock-750x340.jpg?resize=525%2C300&ssl=1 1.5x, https:\/\/i0.wp.com\/la-uno.com\/blog\/wp-content\/uploads\/2017\/10\/dock-750x340.jpg?resize=700%2C400&ssl=1 2x"},"classes":[]},{"id":5093,"url":"https:\/\/la-uno.com\/blog\/2014\/10\/22\/ubuntu-cumple-10-anotes\/","url_meta":{"origin":11388,"position":2},"title":"Ubuntu cumple 10 a\u00f1otes","author":"marco","date":"October 22, 2014","format":false,"excerpt":"Ubuntu, una de las distribuciones GNU\/Linux m\u00e1s populares ha cumplido diez a\u00f1os, naci\u00f3 de un foro de Debian con el objetivo de ser una distribuci\u00f3n GNU\/Linux amigable con todos los beneficios que Deb\u00edan ya de por s\u00ed ten\u00eda, eso si, con paquetes actualizados. As\u00ed fue entonces como el 20 de\u2026","rel":"","context":"In &quot;Linux&quot;","block_context":{"text":"Linux","link":"https:\/\/la-uno.com\/blog\/category\/linux\/"},"img":{"alt_text":"","src":"https:\/\/i0.wp.com\/la-uno.com\/blog\/wp-content\/uploads\/2014\/10\/IMG_0158-1.png?resize=350%2C200&ssl=1","width":350,"height":200,"srcset":"https:\/\/i0.wp.com\/la-uno.com\/blog\/wp-content\/uploads\/2014\/10\/IMG_0158-1.png?resize=350%2C200&ssl=1 1x, https:\/\/i0.wp.com\/la-uno.com\/blog\/wp-content\/uploads\/2014\/10\/IMG_0158-1.png?resize=525%2C300&ssl=1 1.5x, https:\/\/i0.wp.com\/la-uno.com\/blog\/wp-content\/uploads\/2014\/10\/IMG_0158-1.png?resize=700%2C400&ssl=1 2x"},"classes":[]},{"id":9035,"url":"https:\/\/la-uno.com\/blog\/2016\/06\/11\/manjaro-linux-16-06-con-linux-4-4-lts-y-plasma-5-6\/","url_meta":{"origin":11388,"position":3},"title":"Manjaro Linux 16.06 con Linux 4.4 LTS y Plasma 5.6","author":"marco","date":"June 11, 2016","format":false,"excerpt":"Hace unos dias se lanz\u00f3 Manjaro LInux 16.06, \u00a0Manjaron es una distribuci\u00f3n de Linux tal vez no tan popular como Ubuntu pero que va ganando poco a poco adeptos. Entre lo mas destacable de este nuevo release es que incluye Linux LTS 4.4 mas que nada por cuestiones de compatibilidad\u2026","rel":"","context":"In &quot;Linux&quot;","block_context":{"text":"Linux","link":"https:\/\/la-uno.com\/blog\/category\/linux\/"},"img":{"alt_text":"","src":"https:\/\/i0.wp.com\/la-uno.com\/blog\/wp-content\/uploads\/2016\/06\/Manjaro-Linux.jpg?resize=350%2C200&ssl=1","width":350,"height":200,"srcset":"https:\/\/i0.wp.com\/la-uno.com\/blog\/wp-content\/uploads\/2016\/06\/Manjaro-Linux.jpg?resize=350%2C200&ssl=1 1x, https:\/\/i0.wp.com\/la-uno.com\/blog\/wp-content\/uploads\/2016\/06\/Manjaro-Linux.jpg?resize=525%2C300&ssl=1 1.5x, https:\/\/i0.wp.com\/la-uno.com\/blog\/wp-content\/uploads\/2016\/06\/Manjaro-Linux.jpg?resize=700%2C400&ssl=1 2x"},"classes":[]},{"id":10268,"url":"https:\/\/la-uno.com\/blog\/2017\/05\/09\/cinnamon-3-4-listo-y-aqui-te-contamos-como-instalarlo-en-ubuntu\/","url_meta":{"origin":11388,"position":4},"title":"Cinnamon 3.4 listo y aqui te contamos como instalarlo en Ubuntu","author":"marco","date":"May 9, 2017","format":false,"excerpt":"Cinnamon, el ambiente de escritorio originalmente basado en GNOME 2 ha anunciado la disponibilidad de la versi\u00f3n 3.4, lista para ser compilada y usada en los escritorios Linux y si usas Ubuntu mucho mejor, ya lo puedes instalar gracias al PPA. Clement Lefebre escribe en el anuncio \"Me gustaria agradecer\u2026","rel":"","context":"In &quot;Linux&quot;","block_context":{"text":"Linux","link":"https:\/\/la-uno.com\/blog\/category\/linux\/"},"img":{"alt_text":"","src":"https:\/\/i0.wp.com\/la-uno.com\/blog\/wp-content\/uploads\/2017\/05\/cinnamon-session-unity-greeter-750x283.png?resize=350%2C200&ssl=1","width":350,"height":200,"srcset":"https:\/\/i0.wp.com\/la-uno.com\/blog\/wp-content\/uploads\/2017\/05\/cinnamon-session-unity-greeter-750x283.png?resize=350%2C200&ssl=1 1x, https:\/\/i0.wp.com\/la-uno.com\/blog\/wp-content\/uploads\/2017\/05\/cinnamon-session-unity-greeter-750x283.png?resize=525%2C300&ssl=1 1.5x, https:\/\/i0.wp.com\/la-uno.com\/blog\/wp-content\/uploads\/2017\/05\/cinnamon-session-unity-greeter-750x283.png?resize=700%2C400&ssl=1 2x"},"classes":[]},{"id":7132,"url":"https:\/\/la-uno.com\/blog\/2015\/02\/27\/vlc-lanza-actualizaciones-para-todas-sus-plataformas\/","url_meta":{"origin":11388,"position":5},"title":"VLC lanza actualizaciones para todas sus plataformas","author":"marco","date":"February 27, 2015","format":false,"excerpt":"VideoLAN\u00a0(vlc para los cuates) ha lanzado hoy lo que seria la mas grande actualizaci\u00f3n de VLC, una actualizaci\u00f3n de su versi\u00f3n de escritorio sincronizada con las actualizaciones en otras plataformas. Este release es el resultado de mas de un a\u00f1o de esfuerzos voluntarios en la maquina de VLC y la\u2026","rel":"","context":"In &quot;Computadoras&quot;","block_context":{"text":"Computadoras","link":"https:\/\/la-uno.com\/blog\/category\/computadoras\/"},"img":{"alt_text":"","src":"https:\/\/i0.wp.com\/la-uno.com\/blog\/wp-content\/uploads\/2015\/02\/VLC.png?resize=350%2C200&ssl=1","width":350,"height":200,"srcset":"https:\/\/i0.wp.com\/la-uno.com\/blog\/wp-content\/uploads\/2015\/02\/VLC.png?resize=350%2C200&ssl=1 1x, https:\/\/i0.wp.com\/la-uno.com\/blog\/wp-content\/uploads\/2015\/02\/VLC.png?resize=525%2C300&ssl=1 1.5x, https:\/\/i0.wp.com\/la-uno.com\/blog\/wp-content\/uploads\/2015\/02\/VLC.png?resize=700%2C400&ssl=1 2x"},"classes":[]}],"_links":{"self":[{"href":"https:\/\/la-uno.com\/blog\/wp-json\/wp\/v2\/posts\/11388","targetHints":{"allow":["GET"]}}],"collection":[{"href":"https:\/\/la-uno.com\/blog\/wp-json\/wp\/v2\/posts"}],"about":[{"href":"https:\/\/la-uno.com\/blog\/wp-json\/wp\/v2\/types\/post"}],"author":[{"embeddable":true,"href":"https:\/\/la-uno.com\/blog\/wp-json\/wp\/v2\/users\/1"}],"replies":[{"embeddable":true,"href":"https:\/\/la-uno.com\/blog\/wp-json\/wp\/v2\/comments?post=11388"}],"version-history":[{"count":1,"href":"https:\/\/la-uno.com\/blog\/wp-json\/wp\/v2\/posts\/11388\/revisions"}],"predecessor-version":[{"id":11389,"href":"https:\/\/la-uno.com\/blog\/wp-json\/wp\/v2\/posts\/11388\/revisions\/11389"}],"wp:attachment":[{"href":"https:\/\/la-uno.com\/blog\/wp-json\/wp\/v2\/media?parent=11388"}],"wp:term":[{"taxonomy":"category","embeddable":true,"href":"https:\/\/la-uno.com\/blog\/wp-json\/wp\/v2\/categories?post=11388"},{"taxonomy":"post_tag","embeddable":true,"href":"https:\/\/la-uno.com\/blog\/wp-json\/wp\/v2\/tags?post=11388"}],"curies":[{"name":"wp","href":"https:\/\/api.w.org\/{rel}","templated":true}]}}