{"id":10074,"date":"2017-03-21T17:25:23","date_gmt":"2017-03-21T23:25:23","guid":{"rendered":"https:\/\/la-uno.com\/blog\/2017\/03\/21\/el-iphone-rojo-de-apple\/"},"modified":"2017-03-21T17:25:23","modified_gmt":"2017-03-21T23:25:23","slug":"el-iphone-rojo-de-apple","status":"publish","type":"post","link":"https:\/\/la-uno.com\/blog\/2017\/03\/21\/el-iphone-rojo-de-apple\/","title":{"rendered":"El iPhone Rojo de Apple\u00a0"},"content":{"rendered":"<p><a href=\"https:\/\/la-uno.com\/blog\/wp-content\/uploads\/2017\/03\/img_1137.png\"><img loading=\"lazy\" decoding=\"async\" src=\"https:\/\/la-uno.com\/blog\/wp-content\/uploads\/2017\/03\/img_1137.png\" alt=\"\" width=\"2048\" height=\"1536\" class=\"alignnone size-full wp-image-10073\" srcset=\"https:\/\/la-uno.com\/blog\/wp-content\/uploads\/2017\/03\/img_1137.png 2048w, https:\/\/la-uno.com\/blog\/wp-content\/uploads\/2017\/03\/img_1137-300x225.png 300w, https:\/\/la-uno.com\/blog\/wp-content\/uploads\/2017\/03\/img_1137-768x576.png 768w, https:\/\/la-uno.com\/blog\/wp-content\/uploads\/2017\/03\/img_1137-1024x768.png 1024w\" sizes=\"auto, (max-width: 2048px) 100vw, 2048px\" \/><\/a><br \/>\nMuy bonito el color pero la regaron con la parte frontal, negro definitivamente se ver\u00eda mejor.<br \/>\n<span class=\"embed-youtube\" style=\"text-align:center; display: block;\"><iframe loading=\"lazy\" class=\"youtube-player\" width=\"700\" height=\"394\" src=\"https:\/\/www.youtube.com\/embed\/VDsjYTMyh94?version=3&#038;rel=1&#038;showsearch=0&#038;showinfo=1&#038;iv_load_policy=1&#038;fs=1&#038;hl=en-US&#038;autohide=2&#038;wmode=transparent\" allowfullscreen=\"true\" style=\"border:0;\" sandbox=\"allow-scripts allow-same-origin allow-popups allow-presentation allow-popups-to-escape-sandbox\"><\/iframe><\/span><\/p>\n<div class=\"pvc_clear\"><\/div>\n<p id=\"pvc_stats_10074\" class=\"pvc_stats all  \" data-element-id=\"10074\" style=\"\"><i class=\"pvc-stats-icon medium\" aria-hidden=\"true\"><svg aria-hidden=\"true\" focusable=\"false\" data-prefix=\"far\" data-icon=\"chart-bar\" role=\"img\" xmlns=\"http:\/\/www.w3.org\/2000\/svg\" viewBox=\"0 0 512 512\" class=\"svg-inline--fa fa-chart-bar fa-w-16 fa-2x\"><path fill=\"currentColor\" d=\"M396.8 352h22.4c6.4 0 12.8-6.4 12.8-12.8V108.8c0-6.4-6.4-12.8-12.8-12.8h-22.4c-6.4 0-12.8 6.4-12.8 12.8v230.4c0 6.4 6.4 12.8 12.8 12.8zm-192 0h22.4c6.4 0 12.8-6.4 12.8-12.8V140.8c0-6.4-6.4-12.8-12.8-12.8h-22.4c-6.4 0-12.8 6.4-12.8 12.8v198.4c0 6.4 6.4 12.8 12.8 12.8zm96 0h22.4c6.4 0 12.8-6.4 12.8-12.8V204.8c0-6.4-6.4-12.8-12.8-12.8h-22.4c-6.4 0-12.8 6.4-12.8 12.8v134.4c0 6.4 6.4 12.8 12.8 12.8zM496 400H48V80c0-8.84-7.16-16-16-16H16C7.16 64 0 71.16 0 80v336c0 17.67 14.33 32 32 32h464c8.84 0 16-7.16 16-16v-16c0-8.84-7.16-16-16-16zm-387.2-48h22.4c6.4 0 12.8-6.4 12.8-12.8v-70.4c0-6.4-6.4-12.8-12.8-12.8h-22.4c-6.4 0-12.8 6.4-12.8 12.8v70.4c0 6.4 6.4 12.8 12.8 12.8z\" class=\"\"><\/path><\/svg><\/i> <img loading=\"lazy\" decoding=\"async\" width=\"16\" height=\"16\" alt=\"Loading\" src=\"https:\/\/la-uno.com\/blog\/wp-content\/plugins\/page-views-count\/ajax-loader-2x.gif\" border=0 \/><\/p>\n<div class=\"pvc_clear\"><\/div>\n","protected":false},"excerpt":{"rendered":"<p>Muy bonito el color pero la regaron con la parte frontal, negro definitivamente se ver\u00eda mejor.<\/p>\n<div class=\"pvc_clear\"><\/div>\n<p id=\"pvc_stats_10074\" class=\"pvc_stats all  \" data-element-id=\"10074\" style=\"\"><i class=\"pvc-stats-icon medium\" aria-hidden=\"true\"><svg aria-hidden=\"true\" focusable=\"false\" data-prefix=\"far\" data-icon=\"chart-bar\" role=\"img\" xmlns=\"http:\/\/www.w3.org\/2000\/svg\" viewBox=\"0 0 512 512\" class=\"svg-inline--fa fa-chart-bar fa-w-16 fa-2x\"><path fill=\"currentColor\" d=\"M396.8 352h22.4c6.4 0 12.8-6.4 12.8-12.8V108.8c0-6.4-6.4-12.8-12.8-12.8h-22.4c-6.4 0-12.8 6.4-12.8 12.8v230.4c0 6.4 6.4 12.8 12.8 12.8zm-192 0h22.4c6.4 0 12.8-6.4 12.8-12.8V140.8c0-6.4-6.4-12.8-12.8-12.8h-22.4c-6.4 0-12.8 6.4-12.8 12.8v198.4c0 6.4 6.4 12.8 12.8 12.8zm96 0h22.4c6.4 0 12.8-6.4 12.8-12.8V204.8c0-6.4-6.4-12.8-12.8-12.8h-22.4c-6.4 0-12.8 6.4-12.8 12.8v134.4c0 6.4 6.4 12.8 12.8 12.8zM496 400H48V80c0-8.84-7.16-16-16-16H16C7.16 64 0 71.16 0 80v336c0 17.67 14.33 32 32 32h464c8.84 0 16-7.16 16-16v-16c0-8.84-7.16-16-16-16zm-387.2-48h22.4c6.4 0 12.8-6.4 12.8-12.8v-70.4c0-6.4-6.4-12.8-12.8-12.8h-22.4c-6.4 0-12.8 6.4-12.8 12.8v70.4c0 6.4 6.4 12.8 12.8 12.8z\" class=\"\"><\/path><\/svg><\/i> <img loading=\"lazy\" decoding=\"async\" width=\"16\" height=\"16\" alt=\"Loading\" src=\"https:\/\/la-uno.com\/blog\/wp-content\/plugins\/page-views-count\/ajax-loader-2x.gif\" border=0 \/><\/p>\n<div class=\"pvc_clear\"><\/div>\n","protected":false},"author":1,"featured_media":10073,"comment_status":"open","ping_status":"open","sticky":false,"template":"","format":"standard","meta":{"_bbp_topic_count":0,"_bbp_reply_count":0,"_bbp_total_topic_count":0,"_bbp_total_reply_count":0,"_bbp_voice_count":0,"_bbp_anonymous_reply_count":0,"_bbp_topic_count_hidden":0,"_bbp_reply_count_hidden":0,"_bbp_forum_subforum_count":0,"jetpack_post_was_ever_published":false,"_jetpack_newsletter_access":"","_jetpack_dont_email_post_to_subs":false,"_jetpack_newsletter_tier_id":0,"_jetpack_memberships_contains_paywalled_content":false,"_jetpack_memberships_contains_paid_content":false,"footnotes":"","jetpack_publicize_message":"","jetpack_publicize_feature_enabled":true,"jetpack_social_post_already_shared":true,"jetpack_social_options":{"image_generator_settings":{"template":"highway","default_image_id":0,"font":"","enabled":false},"version":2}},"categories":[50],"tags":[222,63],"class_list":["post-10074","post","type-post","status-publish","format-standard","has-post-thumbnail","hentry","category-apple","tag-apple","tag-iphone"],"jetpack_publicize_connections":[],"jetpack_featured_media_url":"https:\/\/la-uno.com\/blog\/wp-content\/uploads\/2017\/03\/img_1137.png","jetpack_sharing_enabled":true,"jetpack_shortlink":"https:\/\/wp.me\/p529Uq-2Cu","jetpack-related-posts":[{"id":10922,"url":"https:\/\/la-uno.com\/blog\/2018\/01\/09\/francia-esta-investigando-a-apple-por-reducir-el-rendimiento-de-los-iphone\/","url_meta":{"origin":10074,"position":0},"title":"Francia esta investigando a Apple por reducir el rendimiento de los iPhone","author":"marco","date":"January 9, 2018","format":false,"excerpt":"La DGCCRF, quiens e encarga de proteger al consumidor en Fracia, parte del ministerio de econom\u00eda esta investigando a Apple por el hecho de reducir el rendimiento del iPhone en modelos anteriores. Las leyes francesas indican que es un crimen recortar la vida de un producto a prop\u00f3sito para incentivar\u2026","rel":"","context":"In &quot;Apple&quot;","block_context":{"text":"Apple","link":"https:\/\/la-uno.com\/blog\/category\/apple\/"},"img":{"alt_text":"","src":"https:\/\/i0.wp.com\/la-uno.com\/blog\/wp-content\/uploads\/2018\/01\/iPhone-8-Plus-on-desk-780x536.jpg?resize=350%2C200&ssl=1","width":350,"height":200,"srcset":"https:\/\/i0.wp.com\/la-uno.com\/blog\/wp-content\/uploads\/2018\/01\/iPhone-8-Plus-on-desk-780x536.jpg?resize=350%2C200&ssl=1 1x, https:\/\/i0.wp.com\/la-uno.com\/blog\/wp-content\/uploads\/2018\/01\/iPhone-8-Plus-on-desk-780x536.jpg?resize=525%2C300&ssl=1 1.5x, https:\/\/i0.wp.com\/la-uno.com\/blog\/wp-content\/uploads\/2018\/01\/iPhone-8-Plus-on-desk-780x536.jpg?resize=700%2C400&ssl=1 2x"},"classes":[]},{"id":8847,"url":"https:\/\/la-uno.com\/blog\/2016\/02\/18\/esta-es-la-razon-por-la-que-el-fbi-no-puede-desbloquear-el-iphone\/","url_meta":{"origin":10074,"position":1},"title":"Esta es la raz\u00f3n por la que el FBI no puede desbloquear el iPhone","author":"marco","date":"February 18, 2016","format":false,"excerpt":"Un juez de los estados unidos le ha ordenado a Apple ayudarle a entrar en un iPhone usado por uno de los asesinos en San Bernardino, California, y Apple se ha negado a obedecer. Pero la razon por la que el FBI no puede entrar en el iPhone sin la\u2026","rel":"","context":"In &quot;Apple&quot;","block_context":{"text":"Apple","link":"https:\/\/la-uno.com\/blog\/category\/apple\/"},"img":{"alt_text":"","src":"https:\/\/i0.wp.com\/la-uno.com\/blog\/wp-content\/uploads\/2016\/02\/img_4192-1.png?resize=350%2C200&ssl=1","width":350,"height":200,"srcset":"https:\/\/i0.wp.com\/la-uno.com\/blog\/wp-content\/uploads\/2016\/02\/img_4192-1.png?resize=350%2C200&ssl=1 1x, https:\/\/i0.wp.com\/la-uno.com\/blog\/wp-content\/uploads\/2016\/02\/img_4192-1.png?resize=525%2C300&ssl=1 1.5x"},"classes":[]},{"id":9512,"url":"https:\/\/la-uno.com\/blog\/2016\/09\/07\/apple-presenta-el-iphone-7\/","url_meta":{"origin":10074,"position":2},"title":"Apple presenta el iPhone 7","author":"marco","date":"September 7, 2016","format":false,"excerpt":"Apple ha presentado el nuevo iPhone 7, as\u00ed como en sus dos iteraciones anteriores, en dos tama\u00f1os, el iPhone 7 y el iPhone 7 Plus. Cada uno representa mejoras con respecto a la versi\u00f3n anterior. Pero sobre todo en el iPhone 7 plus por la c\u00e1mara. De entrada, lo b\u00e1sico,\u2026","rel":"","context":"In &quot;Apple&quot;","block_context":{"text":"Apple","link":"https:\/\/la-uno.com\/blog\/category\/apple\/"},"img":{"alt_text":"","src":"https:\/\/i0.wp.com\/la-uno.com\/blog\/wp-content\/uploads\/2016\/09\/EBlcyxWr.jpg?resize=350%2C200&ssl=1","width":350,"height":200,"srcset":"https:\/\/i0.wp.com\/la-uno.com\/blog\/wp-content\/uploads\/2016\/09\/EBlcyxWr.jpg?resize=350%2C200&ssl=1 1x, https:\/\/i0.wp.com\/la-uno.com\/blog\/wp-content\/uploads\/2016\/09\/EBlcyxWr.jpg?resize=525%2C300&ssl=1 1.5x, https:\/\/i0.wp.com\/la-uno.com\/blog\/wp-content\/uploads\/2016\/09\/EBlcyxWr.jpg?resize=700%2C400&ssl=1 2x, https:\/\/i0.wp.com\/la-uno.com\/blog\/wp-content\/uploads\/2016\/09\/EBlcyxWr.jpg?resize=1050%2C600&ssl=1 3x, https:\/\/i0.wp.com\/la-uno.com\/blog\/wp-content\/uploads\/2016\/09\/EBlcyxWr.jpg?resize=1400%2C800&ssl=1 4x"},"classes":[]},{"id":8914,"url":"https:\/\/la-uno.com\/blog\/2016\/03\/21\/apple-presenta-el-iphone-se\/","url_meta":{"origin":10074,"position":3},"title":"Apple presenta el iPhone SE","author":"marco","date":"March 21, 2016","format":false,"excerpt":"Apple ha presentado el dia de hoy un nuevo dispositivo mas en la serie de los iPhone, y no, no es un nuevo dispositivo insignia, es mas bien un dispositivo para mercados emergentes, para hacer competencia a Android en donde mas duele, en los precios \"bajos\". El nuevo iPhone, que\u2026","rel":"","context":"In &quot;Apple&quot;","block_context":{"text":"Apple","link":"https:\/\/la-uno.com\/blog\/category\/apple\/"},"img":{"alt_text":"","src":"https:\/\/i0.wp.com\/la-uno.com\/blog\/wp-content\/uploads\/2016\/03\/iPhone-SE-01.png?resize=350%2C200&ssl=1","width":350,"height":200,"srcset":"https:\/\/i0.wp.com\/la-uno.com\/blog\/wp-content\/uploads\/2016\/03\/iPhone-SE-01.png?resize=350%2C200&ssl=1 1x, https:\/\/i0.wp.com\/la-uno.com\/blog\/wp-content\/uploads\/2016\/03\/iPhone-SE-01.png?resize=525%2C300&ssl=1 1.5x, https:\/\/i0.wp.com\/la-uno.com\/blog\/wp-content\/uploads\/2016\/03\/iPhone-SE-01.png?resize=700%2C400&ssl=1 2x, https:\/\/i0.wp.com\/la-uno.com\/blog\/wp-content\/uploads\/2016\/03\/iPhone-SE-01.png?resize=1050%2C600&ssl=1 3x"},"classes":[]},{"id":8598,"url":"https:\/\/la-uno.com\/blog\/2015\/12\/08\/apple-lanza-una-funda-con-bateria-para-el-iphone-6-y-6s\/","url_meta":{"origin":10074,"position":4},"title":"Apple lanza una funda con bater\u00eda para el iPhone 6 y 6s","author":"marco","date":"December 8, 2015","format":false,"excerpt":"Apple ha lanzado una funda para el iPhone 6 y 6S que le da un poco mas de autonom\u00eda para poder llegar al fin del dia, bueno, un poco m\u00e1s que eso. Una de las grandes preocupaciones de los poseedores de un iPhone es que la bateria dura muy poco,\u2026","rel":"","context":"In &quot;Mobile&quot;","block_context":{"text":"Mobile","link":"https:\/\/la-uno.com\/blog\/category\/mobile\/"},"img":{"alt_text":"","src":"https:\/\/i0.wp.com\/la-uno.com\/blog\/wp-content\/uploads\/2015\/12\/MGQL2_AV1_GOLD.jpeg?resize=350%2C200&ssl=1","width":350,"height":200,"srcset":"https:\/\/i0.wp.com\/la-uno.com\/blog\/wp-content\/uploads\/2015\/12\/MGQL2_AV1_GOLD.jpeg?resize=350%2C200&ssl=1 1x, https:\/\/i0.wp.com\/la-uno.com\/blog\/wp-content\/uploads\/2015\/12\/MGQL2_AV1_GOLD.jpeg?resize=525%2C300&ssl=1 1.5x"},"classes":[]},{"id":10925,"url":"https:\/\/la-uno.com\/blog\/2018\/01\/09\/el-iphone-se-2-podria-tener-un-gran-cambio-con-respecto-a-su-predecesor\/","url_meta":{"origin":10074,"position":5},"title":"El iPhone SE 2 podr\u00eda tener un gran cambio con respecto a su predecesor","author":"marco","date":"January 9, 2018","format":false,"excerpt":"El dispositivo \"de entrada\" para el iPhone de apple esta a punto de tener un gran cambio en cuesti\u00f3n de dise\u00f1o, robando algunos conceptos del iPhone X. El sucesor del iPhone SE podr\u00eda llegar este a\u00f1o, de acuerdo a los nuevos rumores, los dise\u00f1os incluyen una parte trasera de cristal,\u2026","rel":"","context":"In &quot;Apple&quot;","block_context":{"text":"Apple","link":"https:\/\/la-uno.com\/blog\/category\/apple\/"},"img":{"alt_text":"","src":"https:\/\/i0.wp.com\/la-uno.com\/blog\/wp-content\/uploads\/2018\/01\/iphone-se-x.jpg?resize=350%2C200&ssl=1","width":350,"height":200,"srcset":"https:\/\/i0.wp.com\/la-uno.com\/blog\/wp-content\/uploads\/2018\/01\/iphone-se-x.jpg?resize=350%2C200&ssl=1 1x, https:\/\/i0.wp.com\/la-uno.com\/blog\/wp-content\/uploads\/2018\/01\/iphone-se-x.jpg?resize=525%2C300&ssl=1 1.5x, https:\/\/i0.wp.com\/la-uno.com\/blog\/wp-content\/uploads\/2018\/01\/iphone-se-x.jpg?resize=700%2C400&ssl=1 2x, https:\/\/i0.wp.com\/la-uno.com\/blog\/wp-content\/uploads\/2018\/01\/iphone-se-x.jpg?resize=1050%2C600&ssl=1 3x"},"classes":[]}],"_links":{"self":[{"href":"https:\/\/la-uno.com\/blog\/wp-json\/wp\/v2\/posts\/10074","targetHints":{"allow":["GET"]}}],"collection":[{"href":"https:\/\/la-uno.com\/blog\/wp-json\/wp\/v2\/posts"}],"about":[{"href":"https:\/\/la-uno.com\/blog\/wp-json\/wp\/v2\/types\/post"}],"author":[{"embeddable":true,"href":"https:\/\/la-uno.com\/blog\/wp-json\/wp\/v2\/users\/1"}],"replies":[{"embeddable":true,"href":"https:\/\/la-uno.com\/blog\/wp-json\/wp\/v2\/comments?post=10074"}],"version-history":[{"count":0,"href":"https:\/\/la-uno.com\/blog\/wp-json\/wp\/v2\/posts\/10074\/revisions"}],"wp:featuredmedia":[{"embeddable":true,"href":"https:\/\/la-uno.com\/blog\/wp-json\/wp\/v2\/media\/10073"}],"wp:attachment":[{"href":"https:\/\/la-uno.com\/blog\/wp-json\/wp\/v2\/media?parent=10074"}],"wp:term":[{"taxonomy":"category","embeddable":true,"href":"https:\/\/la-uno.com\/blog\/wp-json\/wp\/v2\/categories?post=10074"},{"taxonomy":"post_tag","embeddable":true,"href":"https:\/\/la-uno.com\/blog\/wp-json\/wp\/v2\/tags?post=10074"}],"curies":[{"name":"wp","href":"https:\/\/api.w.org\/{rel}","templated":true}]}}